{"id":16228,"date":"2020-05-08T09:45:11","date_gmt":"2020-05-08T07:45:11","guid":{"rendered":"https:\/\/radsportbezirk-westfalen-mitte.de\/wordpress\/?p=16228"},"modified":"2020-05-08T09:45:11","modified_gmt":"2020-05-08T07:45:11","slug":"aktuelles-beim-rsc-werne-vereinsleben-in-den-zeiten-von-corona","status":"publish","type":"post","link":"https:\/\/radsportbezirk-westfalen-mitte.de\/wordpress\/16228\/","title":{"rendered":"Aktuelles beim RSC Werne: Vereinsleben in den Zeiten von Corona"},"content":{"rendered":"<p>Wie mittlerweile allgemein bekannt, sind alle Vereinsaktivit\u00e4ten und Veranstaltungen bis auf weiteres unterbunden. Um weiterhin ein Vereinsleben auf dem Fahrrad zu praktizieren hat sich der Vorstand ein Konzept \u00fcberlegt.<\/p>\n<p><!--more--><\/p>\n<p>F\u00fcr die emsigen Kilometersammler wird die Vereinsmeisterschaft dieses Jahr veranstaltungsungebunden durchgef\u00fchrt. Die Vereinsfahrer tragen ab dem 22.04. ihre gefahrenen Kilometer in ein Onlineformular ein. Am Ende des Jahres wird der Fahrer und die Fahrerin mit den meisten Kilometern als Vereinsmeister geehrt.<\/p>\n<p>F\u00fcr die Vereinsmitglieder, die einen direkteren Vergleich untereinander haben wollen, fahren wir eine Art Strava-Wettkampf um die goldene Ananas aus. Strava ist eine Online-Plattform, auf der Radfahrer \u00fcber GPS aufgezeichnete Fahrten hochladen k\u00f6nnen. Hier gibt es sogenannte Segmente, also reale Stra\u00dfenabschnitte f\u00fcr die eine Bestzeit gefahren werden kann. Hier vergleichen sich alle Vereinsmitglieder, die bei Strava angemeldet sind, monatlich in drei Segmenten, unter anderem auf der Rennstrecke des Poco-Cups. Das Motto ist also: R\u00e4umlich getrennt und in der Sache vereint.<\/p>\n<p>&nbsp;<\/p>\n<p align=\"center\"><img loading=\"lazy\" decoding=\"async\" class=\"aligncenter wp-image-16229\" src=\"https:\/\/radsportbezirk-westfalen-mitte.de\/wordpress\/wp-content\/uploads\/2020\/05\/Privat-min-scaled.jpg\" alt=\"\" width=\"500\" height=\"500\" srcset=\"https:\/\/radsportbezirk-westfalen-mitte.de\/wordpress\/wp-content\/uploads\/2020\/05\/Privat-min-scaled.jpg 2560w, https:\/\/radsportbezirk-westfalen-mitte.de\/wordpress\/wp-content\/uploads\/2020\/05\/Privat-min-300x300.jpg 300w, https:\/\/radsportbezirk-westfalen-mitte.de\/wordpress\/wp-content\/uploads\/2020\/05\/Privat-min-1024x1024.jpg 1024w, https:\/\/radsportbezirk-westfalen-mitte.de\/wordpress\/wp-content\/uploads\/2020\/05\/Privat-min-150x150.jpg 150w, https:\/\/radsportbezirk-westfalen-mitte.de\/wordpress\/wp-content\/uploads\/2020\/05\/Privat-min-768x768.jpg 768w, https:\/\/radsportbezirk-westfalen-mitte.de\/wordpress\/wp-content\/uploads\/2020\/05\/Privat-min-1536x1536.jpg 1536w, https:\/\/radsportbezirk-westfalen-mitte.de\/wordpress\/wp-content\/uploads\/2020\/05\/Privat-min-2048x2048.jpg 2048w\" sizes=\"auto, (max-width: 500px) 100vw, 500px\" \/><\/p>\n<p>&nbsp;<\/p>\n<p align=\"center\"><img loading=\"lazy\" decoding=\"async\" class=\"aligncenter wp-image-16230\" src=\"https:\/\/radsportbezirk-westfalen-mitte.de\/wordpress\/wp-content\/uploads\/2020\/05\/Privat1-min-scaled.jpg\" alt=\"\" width=\"500\" height=\"500\" srcset=\"https:\/\/radsportbezirk-westfalen-mitte.de\/wordpress\/wp-content\/uploads\/2020\/05\/Privat1-min-scaled.jpg 2560w, https:\/\/radsportbezirk-westfalen-mitte.de\/wordpress\/wp-content\/uploads\/2020\/05\/Privat1-min-300x300.jpg 300w, https:\/\/radsportbezirk-westfalen-mitte.de\/wordpress\/wp-content\/uploads\/2020\/05\/Privat1-min-1024x1024.jpg 1024w, https:\/\/radsportbezirk-westfalen-mitte.de\/wordpress\/wp-content\/uploads\/2020\/05\/Privat1-min-150x150.jpg 150w, https:\/\/radsportbezirk-westfalen-mitte.de\/wordpress\/wp-content\/uploads\/2020\/05\/Privat1-min-768x768.jpg 768w, https:\/\/radsportbezirk-westfalen-mitte.de\/wordpress\/wp-content\/uploads\/2020\/05\/Privat1-min-1536x1536.jpg 1536w, https:\/\/radsportbezirk-westfalen-mitte.de\/wordpress\/wp-content\/uploads\/2020\/05\/Privat1-min-2048x2048.jpg 2048w\" sizes=\"auto, (max-width: 500px) 100vw, 500px\" \/><\/p>\n<p>&nbsp;<\/p>\n<p>&nbsp;<\/p>\n<p>&nbsp;<\/p>\n<p>&nbsp;<\/p>\n<p>&nbsp;<\/p>\n<h2 align=\"center\"><b><i>Text und Fotos: RSC Werne<\/i><\/b><\/h2>\n<p>&nbsp;<\/p>\n<p>&nbsp;<\/p>\n<p>&nbsp;<\/p>\n<p>&nbsp;<\/p>\n<p>&nbsp;<\/p>\n","protected":false},"excerpt":{"rendered":"<p>Wie mittlerweile allgemein bekannt, sind alle Vereinsaktivit\u00e4ten und Veranstaltungen bis auf weiteres unterbunden. Um weiterhin ein Vereinsleben auf dem Fahrrad zu praktizieren hat sich der Vorstand ein Konzept \u00fcberlegt.<\/p><p><a class=\"more-link btn\" href=\"https:\/\/radsportbezirk-westfalen-mitte.de\/wordpress\/16228\/\">Weiterlesen<\/a><\/p>\n","protected":false},"author":1,"featured_media":0,"comment_status":"closed","ping_status":"closed","sticky":false,"template":"","format":"standard","meta":{"footnotes":""},"categories":[32],"tags":[88,1274,1293,1294,1301,1304],"class_list":["post-16228","post","type-post","status-publish","format-standard","hentry","category-vereine","tag-rsc-werne","tag-1274","tag-vereinsmeisterschaft","tag-online-rennen","tag-strava","tag-poco-cup","wp-image-borders","item-wrap"],"_links":{"self":[{"href":"https:\/\/radsportbezirk-westfalen-mitte.de\/wordpress\/wp-json\/wp\/v2\/posts\/16228","targetHints":{"allow":["GET"]}}],"collection":[{"href":"https:\/\/radsportbezirk-westfalen-mitte.de\/wordpress\/wp-json\/wp\/v2\/posts"}],"about":[{"href":"https:\/\/radsportbezirk-westfalen-mitte.de\/wordpress\/wp-json\/wp\/v2\/types\/post"}],"author":[{"embeddable":true,"href":"https:\/\/radsportbezirk-westfalen-mitte.de\/wordpress\/wp-json\/wp\/v2\/users\/1"}],"replies":[{"embeddable":true,"href":"https:\/\/radsportbezirk-westfalen-mitte.de\/wordpress\/wp-json\/wp\/v2\/comments?post=16228"}],"version-history":[{"count":1,"href":"https:\/\/radsportbezirk-westfalen-mitte.de\/wordpress\/wp-json\/wp\/v2\/posts\/16228\/revisions"}],"predecessor-version":[{"id":16231,"href":"https:\/\/radsportbezirk-westfalen-mitte.de\/wordpress\/wp-json\/wp\/v2\/posts\/16228\/revisions\/16231"}],"wp:attachment":[{"href":"https:\/\/radsportbezirk-westfalen-mitte.de\/wordpress\/wp-json\/wp\/v2\/media?parent=16228"}],"wp:term":[{"taxonomy":"category","embeddable":true,"href":"https:\/\/radsportbezirk-westfalen-mitte.de\/wordpress\/wp-json\/wp\/v2\/categories?post=16228"},{"taxonomy":"post_tag","embeddable":true,"href":"https:\/\/radsportbezirk-westfalen-mitte.de\/wordpress\/wp-json\/wp\/v2\/tags?post=16228"}],"curies":[{"name":"wp","href":"https:\/\/api.w.org\/{rel}","templated":true}]}}