{"id":16179,"date":"2020-04-10T09:25:33","date_gmt":"2020-04-10T07:25:33","guid":{"rendered":"https:\/\/radsportbezirk-westfalen-mitte.de\/wordpress\/?p=16179"},"modified":"2020-04-10T09:27:08","modified_gmt":"2020-04-10T07:27:08","slug":"team-sks-sauerland-nrw-erste-platzierungen-in-virtuellen-rennen-neue-strava-gruppe-fuer-freunde-und-fans","status":"publish","type":"post","link":"https:\/\/radsportbezirk-westfalen-mitte.de\/wordpress\/16179\/","title":{"rendered":"Team SKS Sauerland NRW: Erste Platzierungen in virtuellen Rennen- Neue Strava Gruppe f\u00fcr Freunde und Fans"},"content":{"rendered":"<p><strong><i>Mittwochs Rennen der German Cycling Academy- erste virtuellen Platzierungen<br \/>\neingefahren<\/i><\/strong><\/p>\n<p>Bereits zum zweiten mal trafen sich die Fahrer des Team SKS Sauerland NRW beim<br \/>\nvirtuellen Rennen der German Cycling Academy.<!--more--> Im Kriterium \u00fcber 20 Kilometer schrammte Jon Knolle auf dem 4. Platz knapp am Podium vorbei. Mit Michel Gie\u00dfelmann (5.), Johannes Adamietz (9.) und Jonas H\u00e4rtig (10.) schafften drei weitere Sauerl\u00e4nder den Sprung in die Top 10. Insgesamt nahmen knapp 110 Sportler am Onlinewettkampf teil. Bei den Events der German Cycling Academy finden regelm\u00e4ssig Rennen und Trainings statt. Diese bieten den Fahrern die beste Gelegenheit einige intensive Rennkilometer zu sammeln. Das n\u00e4chste Rennen wird kommenden Mittwoch um 19:45 Uhr ausgetragen. Wettk\u00e4mpfe dieser Art sind f\u00fcr jeden zug\u00e4nglich.<\/p>\n<p>&nbsp;<\/p>\n<p><strong><i>Neu: Strava Gruppe \u201eTeam Sauerland NRW &amp; Friends\u201c- Gruppe f\u00fcr Fahrer,<br \/>\nFreunde &amp; Fans<\/i><\/strong><\/p>\n<p>Neben den virtuellen Aktivit\u00e4ten auf Zwift hat das Team SKS Sauerland in dieser<br \/>\nWoche einen neue Gruppe auf Strava gegr\u00fcndet. Strava<br \/>\n(<em><a title=\"www.srava.com\" href=\"http:\/\/www.strava.com\/\" target=\"_blank\" rel=\"nofollow noopener noreferrer\">www.strava.com<\/a><\/em> ) ist ein soziales Netzwerk mit Aufzeichnung von sportlichen Aktivit\u00e4ten.<br \/>\nDie Gruppe ist \u00f6ffentlich und Interessierte finden Sie unter dem Namen \u201eTeam SKS Sauerland<br \/>\nNRW &amp; Friends\u201c. In den ersten 24 Stunden haben sich den Sauerl\u00e4ndern schon<br \/>\n\u00fcber 60 Rennfahrer und Freizeitsportler angeschlossen. Prominentestes Mitglied<br \/>\nist der mehrmalige &#8222;Tour de France&#8220; Fahrer Marcel Sieberg vom Bahrain-McLaren<br \/>\nWorld Tour Team. \u201eDieser Club ist nicht nur ein Zeitvertreib in unserer<br \/>\nrennfreien Zeit. Wir m\u00f6chten ein Netzwerk aufbauen und werden immer wieder<br \/>\nkleine Wettbewerbe oder Aktionen mit unseren Sponsoren durchf\u00fchren. Vielleicht<br \/>\nbekommen wir in Zukunft ja auch mal eine gemeinsame Ausfahrt von allen<br \/>\nMitgliedern hin\u201c, so Team-Trainer Wolfgang Oschwald. Termine und Aktionen wird<br \/>\ndas Team SKS Sauerland NRW \u00fcber seine sozialen Kan\u00e4le Instagram und Facebook<br \/>\nbekanntgeben.<\/p>\n<p>&nbsp;<\/p>\n<p align=\"center\"><img loading=\"lazy\" decoding=\"async\" class=\"aligncenter wp-image-16180\" src=\"https:\/\/radsportbezirk-westfalen-mitte.de\/wordpress\/wp-content\/uploads\/2020\/04\/af9f215e-ad1e-4459-9d23-2e9a123ab613-min.jpg\" alt=\"\" width=\"500\" height=\"375\" border=\"1\" srcset=\"https:\/\/radsportbezirk-westfalen-mitte.de\/wordpress\/wp-content\/uploads\/2020\/04\/af9f215e-ad1e-4459-9d23-2e9a123ab613-min.jpg 1599w, https:\/\/radsportbezirk-westfalen-mitte.de\/wordpress\/wp-content\/uploads\/2020\/04\/af9f215e-ad1e-4459-9d23-2e9a123ab613-min-300x225.jpg 300w, https:\/\/radsportbezirk-westfalen-mitte.de\/wordpress\/wp-content\/uploads\/2020\/04\/af9f215e-ad1e-4459-9d23-2e9a123ab613-min-1024x768.jpg 1024w, https:\/\/radsportbezirk-westfalen-mitte.de\/wordpress\/wp-content\/uploads\/2020\/04\/af9f215e-ad1e-4459-9d23-2e9a123ab613-min-768x576.jpg 768w, https:\/\/radsportbezirk-westfalen-mitte.de\/wordpress\/wp-content\/uploads\/2020\/04\/af9f215e-ad1e-4459-9d23-2e9a123ab613-min-1536x1153.jpg 1536w\" sizes=\"auto, (max-width: 500px) 100vw, 500px\" \/><i>Jonas H\u00e4rtig w\u00e4hrend des virtuellen Rennens<\/i><\/p>\n<p>&nbsp;<\/p>\n<p>&nbsp;<\/p>\n<p><i>kind regards \/ C \u043d\u0430\u0438\u043b\u0443\u0447\u0448\u0438\u043c\u0438 \u043f\u043e\u0436\u0435\u043b\u0430\u043d\u0438\u044f\u043c\u0438!\/ mit sportlichen<br \/>\nGr\u00fc\u00dfen \/ met vriendelijke groet<\/i><\/p>\n<p>&nbsp;<\/p>\n<p><b>J\u00f6rg Scherf<\/b><br \/>\n<i>gesch\u00e4ftsf\u00fchrender Gesellschafter\/ CEO<\/i><\/p>\n<p>&nbsp;<\/p>\n<p>&nbsp;<\/p>\n<p>&nbsp;<\/p>\n<p>&nbsp;<\/p>\n<p>&nbsp;<\/p>\n<h2 align=\"center\"><b><i>Text und Foto: Team SKS Sauerland NRW<\/i><\/b><\/h2>\n<p>&nbsp;<\/p>\n<p>&nbsp;<\/p>\n<p>&nbsp;<\/p>\n<p>&nbsp;<\/p>\n<p>&nbsp;<\/p>\n","protected":false},"excerpt":{"rendered":"<p><i>Mittwochs Rennen der German Cycling Academy- erste virtuellen Platzierungen eingefahren<\/i><\/p>\n<p>Bereits zum zweiten mal trafen sich die Fahrer des Team SKS Sauerland NRW beim virtuellen Rennen der German Cycling Academy.<\/p><p><a class=\"more-link btn\" href=\"https:\/\/radsportbezirk-westfalen-mitte.de\/wordpress\/16179\/\">Weiterlesen<\/a><\/p>\n","protected":false},"author":1,"featured_media":0,"comment_status":"closed","ping_status":"closed","sticky":false,"template":"","format":"standard","meta":{"footnotes":""},"categories":[28,32,33],"tags":[1294,1296,337,1232,1250,1258,1267,1274],"class_list":["post-16179","post","type-post","status-publish","format-standard","hentry","category-strassenrennsport","category-vereine","category-rennsport","tag-online-rennen","tag-german-cycling-academy","tag-jon-knolle","tag-jonas-haertig","tag-michel-giesselmann","tag-johannes-adamietz","tag-team-sks-sauerland-nrw","tag-1274","wp-image-borders","item-wrap"],"_links":{"self":[{"href":"https:\/\/radsportbezirk-westfalen-mitte.de\/wordpress\/wp-json\/wp\/v2\/posts\/16179","targetHints":{"allow":["GET"]}}],"collection":[{"href":"https:\/\/radsportbezirk-westfalen-mitte.de\/wordpress\/wp-json\/wp\/v2\/posts"}],"about":[{"href":"https:\/\/radsportbezirk-westfalen-mitte.de\/wordpress\/wp-json\/wp\/v2\/types\/post"}],"author":[{"embeddable":true,"href":"https:\/\/radsportbezirk-westfalen-mitte.de\/wordpress\/wp-json\/wp\/v2\/users\/1"}],"replies":[{"embeddable":true,"href":"https:\/\/radsportbezirk-westfalen-mitte.de\/wordpress\/wp-json\/wp\/v2\/comments?post=16179"}],"version-history":[{"count":4,"href":"https:\/\/radsportbezirk-westfalen-mitte.de\/wordpress\/wp-json\/wp\/v2\/posts\/16179\/revisions"}],"predecessor-version":[{"id":16184,"href":"https:\/\/radsportbezirk-westfalen-mitte.de\/wordpress\/wp-json\/wp\/v2\/posts\/16179\/revisions\/16184"}],"wp:attachment":[{"href":"https:\/\/radsportbezirk-westfalen-mitte.de\/wordpress\/wp-json\/wp\/v2\/media?parent=16179"}],"wp:term":[{"taxonomy":"category","embeddable":true,"href":"https:\/\/radsportbezirk-westfalen-mitte.de\/wordpress\/wp-json\/wp\/v2\/categories?post=16179"},{"taxonomy":"post_tag","embeddable":true,"href":"https:\/\/radsportbezirk-westfalen-mitte.de\/wordpress\/wp-json\/wp\/v2\/tags?post=16179"}],"curies":[{"name":"wp","href":"https:\/\/api.w.org\/{rel}","templated":true}]}}