{"id":15894,"date":"2019-10-23T08:57:15","date_gmt":"2019-10-23T06:57:15","guid":{"rendered":"https:\/\/radsportbezirk-westfalen-mitte.de\/wordpress\/?p=15894"},"modified":"2019-10-23T08:57:41","modified_gmt":"2019-10-23T06:57:41","slug":"lange-radsaison-geht-erfolgreich-zu-ende","status":"publish","type":"post","link":"https:\/\/radsportbezirk-westfalen-mitte.de\/wordpress\/15894\/","title":{"rendered":"Lange Radsaison geht erfolgreich zu Ende"},"content":{"rendered":"<p>Eine lange Saison ist nun schon wieder zu Ende. Nach teilweise bis zu 20000 Kilometern in den letzten zw\u00f6lf Monaten tut es nun einmal gut, das Rad einfach in die Ecke zu stellen.<\/p>\n<p><!--more--><br \/>\nZum Schluss erfolgreich war wieder einmal der Nachwuchs. In K\u00f6ln Eigelstein wagten nur wenige Rennfahrer des RSV Unna den Start durch die K\u00f6lner Innenstadt.<\/p>\n<p>Bei der U11 waren die Wendel-Zwillinge am Start, die gemeinsam mit der U13 auf die Rennstrecke ging. Nachdem sich beide mit der Spitze absetzen konnte musste das Rennen leider unterbrochen werden, da sich in der U13 ein schwerer Sturz ereignet hatte. Beim Neustart ging es wieder bei null los. Am Ende spurtete Paul Wendel auf den dritten Platz, w\u00e4hrend seine Schwester als beste Amazone den Zielstrich \u00fcberquerte.<\/p>\n<p>En starkes Rennen fuhren in der Elite Simon Schmitt (5.) und Felix Happke (15.). Beide sicherten sich damit den Verbleib in der Eliteklasse.<\/p>\n<p>&nbsp;<\/p>\n<p>Bereits wenige Tage sp\u00e4ter stand in Emsdetten der letzte Renntag an. Hier ging das Rad Team Stadtwerke Unna mit einer starken Formation an den Start. Direkt vom Start an konnte sich Colin Plich, der inzwischen D\u00fcsseldorf startet, mit einer weiteren Fahrerin absetzen. Dahinter zog sich das Feld in die L\u00e4nge und teilte sich. Jonathan M\u00fcller, der mit dem Kopfsteinpflaster seine Probleme hatte, zeigte am Ende seine Sprintqualit\u00e4ten und sicherte sich den dritten Rang. Dahinter kamen Daniel H\u00fcner (6.), David Sechmann (8.) Tom Wendel (10.) und Marc Nentwich ins Ziel.<\/p>\n<p>Spannend wurde es bei der U11. Mit Paul und Josephine Wendel blieben zwei RSVler am Hinterrad ihres Teamkollegen David Sechmann. Der machte das Rennen so schnell, dass kurz vor Ende Seriensieger Niklas Klemmt abrei\u00dfen lassen musste. Den Showdown auf der Zielgeraden gewann dann Paul vor Josefine, die damit das Familiendoppel schafften.<\/p>\n<p>&nbsp;<\/p>\n<p>&nbsp;<\/p>\n<p><strong>Cross-Saison gestartet<\/strong><\/p>\n<p>W\u00e4hrend die einen Fahrer in die Pause gehen, f\u00e4ngt f\u00fcr die Crosser die Saison gerade an. Gleich beim ersten Rennen in Cloppenburg gelang Altmeister Sven Harter ein Paukenschlag. Hinter dem ehemaligen deutschen Meister van der Slot fuhr er ein beherztes Rennen und wurde Zweiter. Im gleichen Rennen rundete Marcus Vo\u00df das starke Ergebnis f\u00fcr den RSV Unna ab.<\/p>\n<p>Beim zweiten Lauf in Syke siegte Luca Harter in der U19. Einen guten Einstand zeigte dabei Julius Dr\u00e4ger, der in seinem ersten U19 Rennen auf den dritten Rang fuhr. In der Seniorenklasse wiederholte Marcus Vo\u00df seinen f\u00fcnften Platz. Sven Harter kam hier als 7. Ins Ziel.<\/p>\n<p>&nbsp;<\/p>\n<p align=\"center\"><img loading=\"lazy\" decoding=\"async\" class=\"aligncenter wp-image-15895\" src=\"https:\/\/radsportbezirk-westfalen-mitte.de\/wordpress\/wp-content\/uploads\/2019\/10\/IMG_5118-min.jpg\" alt=\"\" width=\"500\" height=\"375\" srcset=\"https:\/\/radsportbezirk-westfalen-mitte.de\/wordpress\/wp-content\/uploads\/2019\/10\/IMG_5118-min.jpg 1304w, https:\/\/radsportbezirk-westfalen-mitte.de\/wordpress\/wp-content\/uploads\/2019\/10\/IMG_5118-min-300x225.jpg 300w, https:\/\/radsportbezirk-westfalen-mitte.de\/wordpress\/wp-content\/uploads\/2019\/10\/IMG_5118-min-768x576.jpg 768w, https:\/\/radsportbezirk-westfalen-mitte.de\/wordpress\/wp-content\/uploads\/2019\/10\/IMG_5118-min-1024x768.jpg 1024w\" sizes=\"auto, (max-width: 500px) 100vw, 500px\" \/><\/p>\n<p>&nbsp;<\/p>\n<p>&nbsp;<\/p>\n<p>&nbsp;<\/p>\n<p>&nbsp;<\/p>\n<p>&nbsp;<\/p>\n<h2 align=\"center\"><strong><em>Text und Foto: RSV Unna<\/em><\/strong><\/h2>\n<p>&nbsp;<\/p>\n<p>&nbsp;<\/p>\n<p>&nbsp;<\/p>\n<p>&nbsp;<\/p>\n<p>&nbsp;<\/p>\n","protected":false},"excerpt":{"rendered":"<p>Eine lange Saison ist nun schon wieder zu Ende. Nach teilweise bis zu 20000 Kilometern in den letzten zw\u00f6lf Monaten tut es nun einmal gut, das Rad einfach in die Ecke zu stellen.<\/p><p><a class=\"more-link btn\" href=\"https:\/\/radsportbezirk-westfalen-mitte.de\/wordpress\/15894\/\">Weiterlesen<\/a><\/p>\n","protected":false},"author":1,"featured_media":0,"comment_status":"closed","ping_status":"closed","sticky":false,"template":"","format":"standard","meta":{"footnotes":""},"categories":[33,48,28],"tags":[203,218,239,244,245,247,267,404,509,60,510,71,514,129,130,131,197,200],"class_list":["post-15894","post","type-post","status-publish","format-standard","hentry","category-rennsport","category-cross-querfeldeinrennen","category-strassenrennsport","tag-luca-harter","tag-strasse","tag-colin-plich","tag-jonathan-mueller","tag-simon-schmitt","tag-sven-harter","tag-luca-felix-happke","tag-markus-voss","tag-daniel-huener","tag-60","tag-david-sechmann","tag-rsv-unna","tag-marc-nentwich","tag-paul-wendel","tag-josefine-wendel","tag-tom-wendel","tag-cross","tag-saisonabschluss","wp-image-borders","item-wrap"],"_links":{"self":[{"href":"https:\/\/radsportbezirk-westfalen-mitte.de\/wordpress\/wp-json\/wp\/v2\/posts\/15894","targetHints":{"allow":["GET"]}}],"collection":[{"href":"https:\/\/radsportbezirk-westfalen-mitte.de\/wordpress\/wp-json\/wp\/v2\/posts"}],"about":[{"href":"https:\/\/radsportbezirk-westfalen-mitte.de\/wordpress\/wp-json\/wp\/v2\/types\/post"}],"author":[{"embeddable":true,"href":"https:\/\/radsportbezirk-westfalen-mitte.de\/wordpress\/wp-json\/wp\/v2\/users\/1"}],"replies":[{"embeddable":true,"href":"https:\/\/radsportbezirk-westfalen-mitte.de\/wordpress\/wp-json\/wp\/v2\/comments?post=15894"}],"version-history":[{"count":1,"href":"https:\/\/radsportbezirk-westfalen-mitte.de\/wordpress\/wp-json\/wp\/v2\/posts\/15894\/revisions"}],"predecessor-version":[{"id":15896,"href":"https:\/\/radsportbezirk-westfalen-mitte.de\/wordpress\/wp-json\/wp\/v2\/posts\/15894\/revisions\/15896"}],"wp:attachment":[{"href":"https:\/\/radsportbezirk-westfalen-mitte.de\/wordpress\/wp-json\/wp\/v2\/media?parent=15894"}],"wp:term":[{"taxonomy":"category","embeddable":true,"href":"https:\/\/radsportbezirk-westfalen-mitte.de\/wordpress\/wp-json\/wp\/v2\/categories?post=15894"},{"taxonomy":"post_tag","embeddable":true,"href":"https:\/\/radsportbezirk-westfalen-mitte.de\/wordpress\/wp-json\/wp\/v2\/tags?post=15894"}],"curies":[{"name":"wp","href":"https:\/\/api.w.org\/{rel}","templated":true}]}}