{"id":15890,"date":"2019-10-16T12:51:50","date_gmt":"2019-10-16T10:51:50","guid":{"rendered":"https:\/\/radsportbezirk-westfalen-mitte.de\/wordpress\/?p=15890"},"modified":"2019-10-16T12:52:24","modified_gmt":"2019-10-16T10:52:24","slug":"taxc-pro-classics-weltranglistenpunkte-fuer-das-team-sauerland-nrw-p-b-sks-germany-gelungene-saisonabschlussfahrt-fuer-das-team-sauerland-jedermann","status":"publish","type":"post","link":"https:\/\/radsportbezirk-westfalen-mitte.de\/wordpress\/15890\/","title":{"rendered":"Taxc Pro Classics: Weltranglistenpunkte f\u00fcr das Team Sauerland NRW p\/b SKS GERMANY\/ Gelungene Saisonabschlussfahrt f\u00fcr das Team Sauerland Jedermann"},"content":{"rendered":"<p><strong>Lars Kulbe behauptet sich im Weltklassefeld<\/strong><\/p>\n<p>Am vergangenen Rennwochenende konnte Lars Kulbe vom <em>Team Sauerland NRW p\/b SKS GERMANY <\/em>einmal mehr seine gute Form unter Beweis stellen.<\/p>\n<p><!--more--><\/p>\n<p>Bei der Tacx Pro Classic am Samstag in Holland \u00fcber 204 Kilometer setzte sich der j\u00fcngste Fahrer aus der heimischen Mannschaft im vom Wind zerrissenen Hauptfeld fest und belegte am Ende Platz 19. Trotz des schlechten Wetters und zahlreicher St\u00fcrze vieler Fahrer behauptete sich Kulbe bis ins Finale an der Spitze. Sieger des Rennens wurde der Niederl\u00e4nder Dylan Groenewegen vor dem Italiener Elia Viviani. Beide sind mehrfache Etappensieger bei Tour de France und Giro d Italia. Von den rund 150 Startern kam nur knapp die H\u00e4lfte im Ziel an. Lars Kulbe konnte sich mit der Top Platzierung im Weltklassefeld weitere Weltranglistenpunkte f\u00fcr das Team <em>Sauerland NRW p\/b SKS GERMANY<\/em> einfahren. \u201eSeit dem M\u00fcnsterland Giro laufen wir auf Reserve, die meisten Fahrer befinden sich schon in der Winterpause oder haben sich beim kalten und regnerischen M\u00fcnsterland Giro erk\u00e4ltet. Die Beiden Leinau Zwillinge aus H\u00fcsten rollten beispielsweise nur an den Start um die \u201eMindeststarterzahl&#8220; pro Team zu erf\u00fcllen. Trotzdem hat es sich gelohnt und unser j\u00fcngster Mann konnte mit der Weltspitze mithalten\u201c, lautete das positive Fazit von Team Manager Heiko Volkert aus Eslohe. Das letzte Rennen des Jahres wird f\u00fcr einen Teil des Teams die Tour of Okinawa in Japan im November. Traditionell wird das <em>Team Sauerland NRW p\/b SKS GERMANY<\/em> vom Okinawa-Veranstalter und seinem japanischen Sponsor Gokiso sowie dem Weinbauer Hideki Asano zum Rennen auf der Trauminsel eingeladen.<\/p>\n<p>&nbsp;<\/p>\n<p><strong>Saisonabschlusstour des Team Sauerland Jedermann &amp; Friends<\/strong><\/p>\n<p>W\u00e4hrend sich die Fahrer des \u201ePro-Teams\u201c durch den holl\u00e4ndischen Regen qu\u00e4lten, genossen die Hobbyfahrer den goldenen Sauerl\u00e4nder Herbst. Wie auch schon im vergangenen Jahr luden die Jederm\u00e4nner des Team Sauerland Freunde und Fans am Samstag zu einer gemeinsamen Tour durch das Sauerland ein. Mit Start bei SKS Germany, dem Hauptsponsor des Teams Sauerland, waren wellige 100km auf Abschnitten der Sauerland Rundfahrt geplant. So f\u00fchrte die Strecke die rund 30 Sportler kurz vor der Verpflegungspause auch zur Rochuskapelle in Eslohe hinauf. Einer der steilsten Abschnitte der Rundfahrt neben der Hirschberger Wand. Wohlverdient gab es dann bei den Teamchefs in Eslohe eine St\u00e4rkung. Mit weiteren 60km und einem \u201aKette rechts\u2018 von Leinschede \u00fcber den Berg nach Allendorf erreichten die Radfahrer wieder ihr Ziel in Sundern. Auch mit dem folgenden gem\u00fctlicheren Teil m\u00f6chte das Team Sauerland Jedermann allen Freunden nochmal Danke sagen f\u00fcr eine tolle Saison.<\/p>\n<p>&nbsp;<\/p>\n<p style=\"text-align: center;\"><img loading=\"lazy\" decoding=\"async\" class=\"aligncenter wp-image-15891\" src=\"https:\/\/radsportbezirk-westfalen-mitte.de\/wordpress\/wp-content\/uploads\/2019\/10\/Taxc_Pro_Classics-LarsKulbe-min.jpg\" alt=\"\" width=\"500\" height=\"435\" border=\"1\" srcset=\"https:\/\/radsportbezirk-westfalen-mitte.de\/wordpress\/wp-content\/uploads\/2019\/10\/Taxc_Pro_Classics-LarsKulbe-min.jpg 1990w, https:\/\/radsportbezirk-westfalen-mitte.de\/wordpress\/wp-content\/uploads\/2019\/10\/Taxc_Pro_Classics-LarsKulbe-min-300x261.jpg 300w, https:\/\/radsportbezirk-westfalen-mitte.de\/wordpress\/wp-content\/uploads\/2019\/10\/Taxc_Pro_Classics-LarsKulbe-min-768x668.jpg 768w, https:\/\/radsportbezirk-westfalen-mitte.de\/wordpress\/wp-content\/uploads\/2019\/10\/Taxc_Pro_Classics-LarsKulbe-min-1024x891.jpg 1024w\" sizes=\"auto, (max-width: 500px) 100vw, 500px\" \/><em>Lars Kulbe<\/em><\/p>\n<p>&nbsp;<\/p>\n<p>&nbsp;<\/p>\n<p>&nbsp;<\/p>\n<p>&nbsp;<\/p>\n<p>&nbsp;<\/p>\n<h2 align=\"center\"><strong><em>Text und Foto: Team Sauerland NRW p\/b SKS GERMANY<\/em><\/strong><\/h2>\n<p>&nbsp;<\/p>\n<p>&nbsp;<\/p>\n<p>&nbsp;<\/p>\n<p>&nbsp;<\/p>\n<p>&nbsp;<\/p>\n","protected":false},"excerpt":{"rendered":"<p>Lars Kulbe behauptet sich im Weltklassefeld<\/p>\n<p>Am vergangenen Rennwochenende konnte Lars Kulbe vom Team Sauerland NRW p\/b SKS GERMANY einmal mehr seine gute Form unter Beweis stellen.<\/p><p><a class=\"more-link btn\" href=\"https:\/\/radsportbezirk-westfalen-mitte.de\/wordpress\/15890\/\">Weiterlesen<\/a><\/p>\n","protected":false},"author":1,"featured_media":0,"comment_status":"closed","ping_status":"closed","sticky":false,"template":"","format":"standard","meta":{"footnotes":""},"categories":[28,33],"tags":[60,218,1240,1256],"class_list":["post-15890","post","type-post","status-publish","format-standard","hentry","category-strassenrennsport","category-rennsport","tag-60","tag-strasse","tag-team-sauerland-nrw-p-b-sks-germany","tag-lars-kulbe","wp-image-borders","item-wrap"],"_links":{"self":[{"href":"https:\/\/radsportbezirk-westfalen-mitte.de\/wordpress\/wp-json\/wp\/v2\/posts\/15890","targetHints":{"allow":["GET"]}}],"collection":[{"href":"https:\/\/radsportbezirk-westfalen-mitte.de\/wordpress\/wp-json\/wp\/v2\/posts"}],"about":[{"href":"https:\/\/radsportbezirk-westfalen-mitte.de\/wordpress\/wp-json\/wp\/v2\/types\/post"}],"author":[{"embeddable":true,"href":"https:\/\/radsportbezirk-westfalen-mitte.de\/wordpress\/wp-json\/wp\/v2\/users\/1"}],"replies":[{"embeddable":true,"href":"https:\/\/radsportbezirk-westfalen-mitte.de\/wordpress\/wp-json\/wp\/v2\/comments?post=15890"}],"version-history":[{"count":2,"href":"https:\/\/radsportbezirk-westfalen-mitte.de\/wordpress\/wp-json\/wp\/v2\/posts\/15890\/revisions"}],"predecessor-version":[{"id":15893,"href":"https:\/\/radsportbezirk-westfalen-mitte.de\/wordpress\/wp-json\/wp\/v2\/posts\/15890\/revisions\/15893"}],"wp:attachment":[{"href":"https:\/\/radsportbezirk-westfalen-mitte.de\/wordpress\/wp-json\/wp\/v2\/media?parent=15890"}],"wp:term":[{"taxonomy":"category","embeddable":true,"href":"https:\/\/radsportbezirk-westfalen-mitte.de\/wordpress\/wp-json\/wp\/v2\/categories?post=15890"},{"taxonomy":"post_tag","embeddable":true,"href":"https:\/\/radsportbezirk-westfalen-mitte.de\/wordpress\/wp-json\/wp\/v2\/tags?post=15890"}],"curies":[{"name":"wp","href":"https:\/\/api.w.org\/{rel}","templated":true}]}}