{"id":14386,"date":"2019-07-09T09:46:41","date_gmt":"2019-07-09T07:46:41","guid":{"rendered":"http:\/\/radsportbezirk-westfalen-mitte.de\/wordpress\/?p=14386"},"modified":"2019-07-09T09:47:45","modified_gmt":"2019-07-09T07:47:45","slug":"es-gibt-sachen-die-muss-man-machen-bevor-man-92-ist","status":"publish","type":"post","link":"https:\/\/radsportbezirk-westfalen-mitte.de\/wordpress\/14386\/","title":{"rendered":"Es gibt Sachen, die muss man machen, bevor man 92 ist\u2026"},"content":{"rendered":"<p>\u2026dachten sich Michael Pflaum und Hendrik Sch\u00f6ler, zwei \u201eausw\u00e4rtige\u201c Vereinsmitglieder des RSV Osthelden aus Stuttgart bzw. Neuss. Vom 16. bis zum 22. Juni hielten sich die Radsportler des dokuworks Teams in der Provence \/ S\u00fcdfrankreich auf, um dort die sagenhafte Landschaft per Rennrad zu erkunden. Das kann man &#8211; wenn man denn dieses Alter erreicht &#8211; sicherlich auch mit 92 noch machen, doch der besonderen Herausforderung des Mont Ventoux stellt man sich dann doch besser etwas fr\u00fcher.<!--more--><\/p>\n<p>Was als spinnerte Vision begann, nahm Form an, als eine Ferienwohnung im wundersch\u00f6nen Mormoiron (unweit von B\u00e9doin, dem provenzalischen Radsportmekka) und ein Mietwagen gebucht waren und somit der \u201ePoint of no return\u201c \u00fcberschritten war.<\/p>\n<p>Nach Ankunft in der Ferienunterkunft am Abend des 16. Juni wurde eine kurze Runde zur Akklimatisierung gedreht. Das musste reichen: Am Montag ging es dann schon das erste Mal \u00fcber die ber\u00fcchtigte B\u00e9doin-Route auf den Ventoux. Dienstags wurde der Ventoux umrundet, Mittwoch war mit ca. 80 \u201eRelativ-flach-Kilometern\u201c nahezu ein Erholungstag. Donnerstag r\u00fcckten Michael und Hendrik dem Ventoux von Sault aus auf den Pelz. Und da aller guten Dinge drei sind ging es Freitag von Malauc\u00e8ne aus hinauf. Somit wurden alle drei rennradtauglichen Routen erfolgreich absolviert. In den \u201eClub des Cingl\u00e9s du Mont-Ventoux\u201c durften sich die RSV\u00b4ler dennoch nicht eintragen, da sie die Leistung an drei unterschiedlichen Tagen und nicht an einem einzigen vollbrachten.<\/p>\n<p>Insgesamt legten die <strong>dreimaligen Gipfelst\u00fcrmer<\/strong> rd. 520 km, die mit ca. 9.000 H\u00f6henmetern gespickt waren, zur\u00fcck. Damit ist sichergestellt, dass die RSV-Trikots neben der Vereinsheimat nicht nur am Niederrhein und im Schwabenland pr\u00e4sent sind, sondern dies kurzzeitig auch in der Provence waren.<\/p>\n<p>Abschlie\u00dfend k\u00f6nnen Michael und Hendrik nun beruhigt 92 Jahre alt werden ohne das Gef\u00fchl, etwas Wichtiges im Leben verpasst zu haben.<\/p>\n<p>&nbsp;<\/p>\n<p style=\"text-align: center;\"><img loading=\"lazy\" decoding=\"async\" class=\"aligncenter wp-image-14387\" src=\"http:\/\/radsportbezirk-westfalen-mitte.de\/wordpress\/wp-content\/uploads\/2019\/07\/RSV-050719-1-min.jpeg\" alt=\"\" width=\"500\" height=\"426\" border=\"&quot;1=\" srcset=\"https:\/\/radsportbezirk-westfalen-mitte.de\/wordpress\/wp-content\/uploads\/2019\/07\/RSV-050719-1-min.jpeg 404w, https:\/\/radsportbezirk-westfalen-mitte.de\/wordpress\/wp-content\/uploads\/2019\/07\/RSV-050719-1-min-300x255.jpeg 300w, https:\/\/radsportbezirk-westfalen-mitte.de\/wordpress\/wp-content\/uploads\/2019\/07\/RSV-050719-1-min-250x213.jpeg 250w\" sizes=\"auto, (max-width: 500px) 100vw, 500px\" \/><br \/>\n<i>v.l. Michael Pflaum und Hendrik Sch\u00f6ler auf dem Weg zum Mont Ventoux<\/i><\/p>\n<p>&nbsp;<\/p>\n<p style=\"text-align: center;\"><img loading=\"lazy\" decoding=\"async\" class=\"aligncenter wp-image-14388\" src=\"http:\/\/radsportbezirk-westfalen-mitte.de\/wordpress\/wp-content\/uploads\/2019\/07\/RSV-050719-2-min.jpeg\" alt=\"\" width=\"312\" height=\"500\" border=\"1\" srcset=\"https:\/\/radsportbezirk-westfalen-mitte.de\/wordpress\/wp-content\/uploads\/2019\/07\/RSV-050719-2-min.jpeg 374w, https:\/\/radsportbezirk-westfalen-mitte.de\/wordpress\/wp-content\/uploads\/2019\/07\/RSV-050719-2-min-187x300.jpeg 187w, https:\/\/radsportbezirk-westfalen-mitte.de\/wordpress\/wp-content\/uploads\/2019\/07\/RSV-050719-2-min-156x250.jpeg 156w\" sizes=\"auto, (max-width: 312px) 100vw, 312px\" \/><br \/>\n<em>v.l. Hendrik Sch\u00f6ler und Michael Pflaum auf dem <\/em><\/p>\n<p>&nbsp;<\/p>\n<p>&nbsp;<\/p>\n<p>&nbsp;<\/p>\n<p>&nbsp;<\/p>\n<p>&nbsp;<\/p>\n<h2 align=\"center\"><b><i>Text und Fotos: RSV Osthelden<\/i><\/b><\/h2>\n<p>&nbsp;<\/p>\n<p>&nbsp;<\/p>\n<p>&nbsp;<\/p>\n<p>&nbsp;<\/p>\n<p>&nbsp;<\/p>\n","protected":false},"excerpt":{"rendered":"<p>\u2026dachten sich Michael Pflaum und Hendrik Sch\u00f6ler, zwei \u201eausw\u00e4rtige\u201c Vereinsmitglieder des RSV Osthelden aus Stuttgart bzw. Neuss. Vom 16. bis zum 22. Juni hielten sich die Radsportler des dokuworks Teams in der Provence \/ S\u00fcdfrankreich auf, um dort die sagenhafte Landschaft per Rennrad zu erkunden. Das kann man &#8211; wenn man denn dieses Alter erreicht &hellip; <\/p>\n<p><a class=\"more-link btn\" href=\"https:\/\/radsportbezirk-westfalen-mitte.de\/wordpress\/14386\/\">Weiterlesen<\/a><\/p>\n","protected":false},"author":1,"featured_media":0,"comment_status":"closed","ping_status":"closed","sticky":false,"template":"","format":"standard","meta":{"footnotes":""},"categories":[32,34],"tags":[60,171,1204,1205,1206],"class_list":["post-14386","post","type-post","status-publish","format-standard","hentry","category-vereine","category-breitensport","tag-60","tag-rsv-osthelden","tag-hendrik-schoeler","tag-michael-pflaum","tag-mont-ventoux","wp-image-borders","item-wrap"],"_links":{"self":[{"href":"https:\/\/radsportbezirk-westfalen-mitte.de\/wordpress\/wp-json\/wp\/v2\/posts\/14386","targetHints":{"allow":["GET"]}}],"collection":[{"href":"https:\/\/radsportbezirk-westfalen-mitte.de\/wordpress\/wp-json\/wp\/v2\/posts"}],"about":[{"href":"https:\/\/radsportbezirk-westfalen-mitte.de\/wordpress\/wp-json\/wp\/v2\/types\/post"}],"author":[{"embeddable":true,"href":"https:\/\/radsportbezirk-westfalen-mitte.de\/wordpress\/wp-json\/wp\/v2\/users\/1"}],"replies":[{"embeddable":true,"href":"https:\/\/radsportbezirk-westfalen-mitte.de\/wordpress\/wp-json\/wp\/v2\/comments?post=14386"}],"version-history":[{"count":3,"href":"https:\/\/radsportbezirk-westfalen-mitte.de\/wordpress\/wp-json\/wp\/v2\/posts\/14386\/revisions"}],"predecessor-version":[{"id":14391,"href":"https:\/\/radsportbezirk-westfalen-mitte.de\/wordpress\/wp-json\/wp\/v2\/posts\/14386\/revisions\/14391"}],"wp:attachment":[{"href":"https:\/\/radsportbezirk-westfalen-mitte.de\/wordpress\/wp-json\/wp\/v2\/media?parent=14386"}],"wp:term":[{"taxonomy":"category","embeddable":true,"href":"https:\/\/radsportbezirk-westfalen-mitte.de\/wordpress\/wp-json\/wp\/v2\/categories?post=14386"},{"taxonomy":"post_tag","embeddable":true,"href":"https:\/\/radsportbezirk-westfalen-mitte.de\/wordpress\/wp-json\/wp\/v2\/tags?post=14386"}],"curies":[{"name":"wp","href":"https:\/\/api.w.org\/{rel}","templated":true}]}}