{"id":13751,"date":"2019-06-13T10:51:54","date_gmt":"2019-06-13T08:51:54","guid":{"rendered":"http:\/\/radsportbezirk-westfalen-mitte.de\/wordpress\/?p=13751"},"modified":"2019-06-13T10:51:54","modified_gmt":"2019-06-13T08:51:54","slug":"bezirkszielfahrt-2019-des-tus-westf-soelde","status":"publish","type":"post","link":"https:\/\/radsportbezirk-westfalen-mitte.de\/wordpress\/13751\/","title":{"rendered":"Bezirkszielfahrt 2019 des TuS Westf. S\u00f6lde"},"content":{"rendered":"<p><strong>14. Juli<\/strong>, hei\u00df ersehnter Start in die gro\u00dfen Ferien. Oder aber stau-und stressfrei zur Bezirkszielfahrt der Radsportabt. des TuS Westf. S\u00f6lde.<\/p>\n<p><!--more--><\/p>\n<p>Wir treffen uns wieder am <em>14.07. zwischen 11:00 und 12:30 Uhr<\/em> am Caf\u00e9 Big Apple im Sozialzentrum der LWL-Klinik, Dortmund Aplerbeck, Marsbruchstr. 179.<br \/>\nWir hoffen auf \u00e4hnlich gutes Wetter wie im Vorjahr und w\u00fcnschen allen Teilnehmern eine gute Fahrt und \u2013 Wertungskarte nicht vergessen.<\/p>\n<p>&nbsp;<\/p>\n<p>&nbsp;<\/p>\n<p>&nbsp;<\/p>\n<p>&nbsp;<\/p>\n<p>&nbsp;<\/p>\n","protected":false},"excerpt":{"rendered":"<p>14. Juli, hei\u00df ersehnter Start in die gro\u00dfen Ferien. Oder aber stau-und stressfrei zur Bezirkszielfahrt der Radsportabt. des TuS Westf. S\u00f6lde.<\/p><p><a class=\"more-link btn\" href=\"https:\/\/radsportbezirk-westfalen-mitte.de\/wordpress\/13751\/\">Weiterlesen<\/a><\/p>\n","protected":false},"author":1,"featured_media":0,"comment_status":"closed","ping_status":"closed","sticky":false,"template":"","format":"standard","meta":{"footnotes":""},"categories":[29],"tags":[60,174,265],"class_list":["post-13751","post","type-post","status-publish","format-standard","hentry","category-rtfctf","tag-60","tag-bezirkszielfahrt","tag-tus-westfalia-soelde","wp-image-borders","item-wrap"],"_links":{"self":[{"href":"https:\/\/radsportbezirk-westfalen-mitte.de\/wordpress\/wp-json\/wp\/v2\/posts\/13751","targetHints":{"allow":["GET"]}}],"collection":[{"href":"https:\/\/radsportbezirk-westfalen-mitte.de\/wordpress\/wp-json\/wp\/v2\/posts"}],"about":[{"href":"https:\/\/radsportbezirk-westfalen-mitte.de\/wordpress\/wp-json\/wp\/v2\/types\/post"}],"author":[{"embeddable":true,"href":"https:\/\/radsportbezirk-westfalen-mitte.de\/wordpress\/wp-json\/wp\/v2\/users\/1"}],"replies":[{"embeddable":true,"href":"https:\/\/radsportbezirk-westfalen-mitte.de\/wordpress\/wp-json\/wp\/v2\/comments?post=13751"}],"version-history":[{"count":1,"href":"https:\/\/radsportbezirk-westfalen-mitte.de\/wordpress\/wp-json\/wp\/v2\/posts\/13751\/revisions"}],"predecessor-version":[{"id":13752,"href":"https:\/\/radsportbezirk-westfalen-mitte.de\/wordpress\/wp-json\/wp\/v2\/posts\/13751\/revisions\/13752"}],"wp:attachment":[{"href":"https:\/\/radsportbezirk-westfalen-mitte.de\/wordpress\/wp-json\/wp\/v2\/media?parent=13751"}],"wp:term":[{"taxonomy":"category","embeddable":true,"href":"https:\/\/radsportbezirk-westfalen-mitte.de\/wordpress\/wp-json\/wp\/v2\/categories?post=13751"},{"taxonomy":"post_tag","embeddable":true,"href":"https:\/\/radsportbezirk-westfalen-mitte.de\/wordpress\/wp-json\/wp\/v2\/tags?post=13751"}],"curies":[{"name":"wp","href":"https:\/\/api.w.org\/{rel}","templated":true}]}}